{"id":1320,"date":"2022-10-04T21:26:00","date_gmt":"2022-10-04T19:26:00","guid":{"rendered":"https:\/\/lecorpsasesraisons.fr\/?p=1320"},"modified":"2022-10-05T11:26:58","modified_gmt":"2022-10-05T09:26:58","slug":"ce-dimanche-9-octobre-stage-de-danse-improvisee-de-15h-a-17h","status":"publish","type":"post","link":"https:\/\/lecorpsasesraisons.fr\/index.php\/2022\/10\/04\/ce-dimanche-9-octobre-stage-de-danse-improvisee-de-15h-a-17h\/","title":{"rendered":"Ce dimanche 9 octobre stage de danse improvis\u00e9e de 15h \u00e0 17h"},"content":{"rendered":"\n<p class=\"has-luminous-vivid-orange-background-color has-background\">Sur la th\u00e9matique : Toucher le feu &#8211;  Briser le moule<\/p>\n\n\n\n<p> Un petit tour au Japon sans quitter Nantes \u00e7a vous dit ?<\/p>\n\n\n\n<p>\u00ab\u00a0Cet \u00e9t\u00e9 je suis all\u00e9e voir l&rsquo;exposition \u00ab\u00a0Toucher le feu &#8211; Femmes c\u00e9ramistes au Japon\u00a0\u00bb au mus\u00e9e Guimet de Paris.<\/p>\n\n\n\n<p>Cette petite pi\u00e8ce \u00e9pur\u00e9e, les oeuvres hautes en d\u00e9licatesse, la capacit\u00e9 des artistes \u00e0 transcrire le mouvement dans des objets fixes m&rsquo;ont inspir\u00e9e le th\u00e8me de ce premier atelier qui ouvre la saison 2022-2023.<\/p>\n\n\n\n<p><br>Comme toujours, ce stage n&rsquo;est pas uniquement destin\u00e9 aux femmes, nous chercherons simplement \u00e0 nous impr\u00e9gner de l&rsquo;\u00e9nergie cr\u00e9ative de ces femmes qui ont d\u00fb lutter pour imposer leurs talents dans un domaine initialement pr\u00e9vu par et pour des hommes. tout comme un homme doit souvent se d\u00e9mener pour obtenir une place soci\u00e9tale&#8230; <br>J&rsquo;ai aussi parcouru la salle \u00ab\u00a0L&rsquo;arc et Sabre &#8211; imaginaire guerrier au Japon\u00a0\u00bb sur la culture des samoura\u00efs, pour en venir \u00e0 la conclusion que nous avons tous et toutes besoin, \u00e0 un moment ou un autre, plus ou moins souvent, d&rsquo;aller chercher en nous ce feu, ce centre, le ten tien (ou qi en chine) indispensable pour une bonne mise en action de notre \u00e9nergie, afin de nous d\u00e9fendre. <br>contre qui, quoi ? A chacun.e de venir avec ses bagages, l&rsquo;ext\u00e9rieur est parfois hostile, mais bien souvent, nos d\u00e9mons les plus virulents se trouvent en nous.<\/p>\n\n\n\n<p>Je vous propose d&rsquo;ouvrir cet espace de 2 heures, hors des mots, bien que vous pouvez avoir un cahier pour prendre des notes, mais surtout pour votre corps, votre sensibilit\u00e9 afin de poser vos valises et repartir plus l\u00e9ger.e et\/ou d\u00e9termin\u00e9.e!<\/p>\n\n\n\n<p>N.B : il ne s&rsquo;agit pas d&rsquo;un atelier de danse th\u00e9rapie, la danse est en soi th\u00e9rapeutique, mais c&rsquo;est \u00e0 chacun, chacune de \u00ab\u00a0faire le job\u00a0\u00bb. Je ne fais que des propositions qui ne  pourrons cheminer que dans un ensemble, avec vos d\u00e9marches personnelles.<\/p>\n\n\n\n<p class=\"has-luminous-vivid-orange-background-color has-background\">Et concr\u00e8tement, \u00e7a donne quoi ?<\/p>\n\n\n\n<p>Apr\u00e8s un \u00e9chauffement en lien avec le th\u00e8me, je vous donnerai plusieurs axes de pratiques tir\u00e9s essentiellement du but\u00f4, danse Japonaise que j&rsquo;ai beaucoup pratiqu\u00e9 aupr\u00e8s de Sumako Koseki qui milite pour un but\u00f4 joyeux. <br>Mes consignes sont des axes d&rsquo;\u00e9tudes que vous adapterez selon vos envies du moment, libre \u00e0 vous de partir \u00ab\u00a0ailleurs\u00a0\u00bb dans le respect du groupe et sa dynamique \u00e0 l&rsquo;instant T.<\/p>\n\n\n\n<p>Et comme ce 9 octobre en soir\u00e9e aura lieu la pleine lune, nous lui ferons un p&rsquo;tit clin d&rsquo;oeil en fin d&rsquo;atelier^^<\/p>\n\n\n\n<p>Bienvenue !\u00a0\u00bb<\/p>\n\n\n\n<p>Sandrine Gallois, professeure pour l&rsquo;association le corps a ses raisons<\/p>\n\n\n\n<p>les tarifs restent inchang\u00e9s : https:\/\/lecorpsasesraisons.fr\/index.php\/tarifs\/ <br>Et pour s&rsquo;inscrire, il suffit de nous signaler votre pr\u00e9sence par mail contact@lecorpsasesraisons.fr ou t\u00e9l\u00e9phone 07 62 47 07 73<\/p>\n\n\n\n<p><\/p>\n","protected":false},"excerpt":{"rendered":"<p>Sur la th\u00e9matique : Toucher le feu &#8211; Briser le moule Un petit tour au Japon sans quitter Nantes \u00e7a vous dit ? \u00ab\u00a0Cet \u00e9t\u00e9 je suis all\u00e9e voir l&rsquo;exposition \u00ab\u00a0Toucher le feu &#8211; Femmes c\u00e9ramistes au Japon\u00a0\u00bb au mus\u00e9e Guimet de Paris. Cette petite pi\u00e8ce \u00e9pur\u00e9e, les oeuvres hautes en d\u00e9licatesse, la capacit\u00e9 des [&hellip;]<\/p>\n","protected":false},"author":1,"featured_media":0,"comment_status":"closed","ping_status":"closed","sticky":true,"template":"","format":"standard","meta":{"footnotes":""},"categories":[3],"tags":[],"_links":{"self":[{"href":"https:\/\/lecorpsasesraisons.fr\/index.php\/wp-json\/wp\/v2\/posts\/1320"}],"collection":[{"href":"https:\/\/lecorpsasesraisons.fr\/index.php\/wp-json\/wp\/v2\/posts"}],"about":[{"href":"https:\/\/lecorpsasesraisons.fr\/index.php\/wp-json\/wp\/v2\/types\/post"}],"author":[{"embeddable":true,"href":"https:\/\/lecorpsasesraisons.fr\/index.php\/wp-json\/wp\/v2\/users\/1"}],"replies":[{"embeddable":true,"href":"https:\/\/lecorpsasesraisons.fr\/index.php\/wp-json\/wp\/v2\/comments?post=1320"}],"version-history":[{"count":6,"href":"https:\/\/lecorpsasesraisons.fr\/index.php\/wp-json\/wp\/v2\/posts\/1320\/revisions"}],"predecessor-version":[{"id":1328,"href":"https:\/\/lecorpsasesraisons.fr\/index.php\/wp-json\/wp\/v2\/posts\/1320\/revisions\/1328"}],"wp:attachment":[{"href":"https:\/\/lecorpsasesraisons.fr\/index.php\/wp-json\/wp\/v2\/media?parent=1320"}],"wp:term":[{"taxonomy":"category","embeddable":true,"href":"https:\/\/lecorpsasesraisons.fr\/index.php\/wp-json\/wp\/v2\/categories?post=1320"},{"taxonomy":"post_tag","embeddable":true,"href":"https:\/\/lecorpsasesraisons.fr\/index.php\/wp-json\/wp\/v2\/tags?post=1320"}],"curies":[{"name":"wp","href":"https:\/\/api.w.org\/{rel}","templated":true}]}}